{"id":317,"date":"2014-10-02T12:48:54","date_gmt":"2014-10-02T12:48:54","guid":{"rendered":"http:\/\/gruene-kreistagsfraktion-hildesheim.de\/?p=317"},"modified":"2014-11-04T12:51:54","modified_gmt":"2014-11-04T12:51:54","slug":"schuelerbefoerderung","status":"publish","type":"post","link":"http:\/\/gruene-kreistagsfraktion-hildesheim.de\/?p=317","title":{"rendered":"Sch\u00fclerbef\u00f6rderung"},"content":{"rendered":"<p>Bei der Umsetzung der Sch\u00fclerbef\u00f6rderungssatzung im Landkreis hat es vor allem im Gebiet der Stadt Hildesheim umstrittene Entscheidungen gegeben. Hierzu hat die Gruppe SPD-Gr\u00fcne folgenden Anfrage gestellt.<\/p>\n<p>&gt;&gt; <a href=\"http:\/\/gruene-kreistagsfraktion-hildesheim.de\/wp-content\/uploads\/2014\/10\/Anfrage-zur-Sch\u00fclerbef\u00f6rderungssatzung-2.10.2014.pdf\">Anfrage zur Sch\u00fclerbef\u00f6rderungssatzung, 2.10.2014<\/a><\/p>\n","protected":false},"excerpt":{"rendered":"<p>Bei der Umsetzung der Sch\u00fclerbef\u00f6rderungssatzung im Landkreis hat es vor allem im Gebiet der Stadt Hildesheim umstrittene Entscheidungen gegeben. Hierzu hat die Gruppe SPD-Gr\u00fcne folgenden Anfrage gestellt. &gt;&gt; Anfrage zur Sch\u00fclerbef\u00f6rderungssatzung, 2.10.2014<\/p>\n","protected":false},"author":1,"featured_media":0,"comment_status":"closed","ping_status":"closed","sticky":false,"template":"","format":"standard","meta":{"ngg_post_thumbnail":0,"footnotes":""},"categories":[1],"tags":[],"class_list":["post-317","post","type-post","status-publish","format-standard","hentry","category-uncategorized"],"_links":{"self":[{"href":"http:\/\/gruene-kreistagsfraktion-hildesheim.de\/index.php?rest_route=\/wp\/v2\/posts\/317","targetHints":{"allow":["GET"]}}],"collection":[{"href":"http:\/\/gruene-kreistagsfraktion-hildesheim.de\/index.php?rest_route=\/wp\/v2\/posts"}],"about":[{"href":"http:\/\/gruene-kreistagsfraktion-hildesheim.de\/index.php?rest_route=\/wp\/v2\/types\/post"}],"author":[{"embeddable":true,"href":"http:\/\/gruene-kreistagsfraktion-hildesheim.de\/index.php?rest_route=\/wp\/v2\/users\/1"}],"replies":[{"embeddable":true,"href":"http:\/\/gruene-kreistagsfraktion-hildesheim.de\/index.php?rest_route=%2Fwp%2Fv2%2Fcomments&post=317"}],"version-history":[{"count":1,"href":"http:\/\/gruene-kreistagsfraktion-hildesheim.de\/index.php?rest_route=\/wp\/v2\/posts\/317\/revisions"}],"predecessor-version":[{"id":318,"href":"http:\/\/gruene-kreistagsfraktion-hildesheim.de\/index.php?rest_route=\/wp\/v2\/posts\/317\/revisions\/318"}],"wp:attachment":[{"href":"http:\/\/gruene-kreistagsfraktion-hildesheim.de\/index.php?rest_route=%2Fwp%2Fv2%2Fmedia&parent=317"}],"wp:term":[{"taxonomy":"category","embeddable":true,"href":"http:\/\/gruene-kreistagsfraktion-hildesheim.de\/index.php?rest_route=%2Fwp%2Fv2%2Fcategories&post=317"},{"taxonomy":"post_tag","embeddable":true,"href":"http:\/\/gruene-kreistagsfraktion-hildesheim.de\/index.php?rest_route=%2Fwp%2Fv2%2Ftags&post=317"}],"curies":[{"name":"wp","href":"https:\/\/api.w.org\/{rel}","templated":true}]}}