{"id":208,"date":"2014-03-14T10:34:13","date_gmt":"2014-03-14T10:34:13","guid":{"rendered":"http:\/\/gruene-kreistagsfraktion-hildesheim.de\/?p=208"},"modified":"2014-06-19T10:34:34","modified_gmt":"2014-06-19T10:34:34","slug":"veterinaerwesen","status":"publish","type":"post","link":"http:\/\/gruene-kreistagsfraktion-hildesheim.de\/?p=208","title":{"rendered":"Veterin\u00e4rwesen"},"content":{"rendered":"<p>In mehreren Presseberichten gab es Kritik an der Arbeit des Veterin\u00e4ramtes des Landkreise. Wir haben deshalb einen Sachstandsbericht im zust\u00e4ndigen Fachausschuss beantragt und dazu folgende Anfrage gestellt:<\/p>\n<p>&gt;&gt; <a href=\"http:\/\/gruene-kreistagsfraktion-hildesheim.de\/wp-content\/uploads\/2014\/04\/2014-03-14-Antrag-Veterin\u00e4rwesen.pdf\">2014-03-14 Antrag Veterin\u00e4rwesen<\/a><\/p>\n","protected":false},"excerpt":{"rendered":"<p>In mehreren Presseberichten gab es Kritik an der Arbeit des Veterin\u00e4ramtes des Landkreise. Wir haben deshalb einen Sachstandsbericht im zust\u00e4ndigen Fachausschuss beantragt und dazu folgende Anfrage gestellt: &gt;&gt; 2014-03-14 Antrag Veterin\u00e4rwesen<\/p>\n","protected":false},"author":1,"featured_media":0,"comment_status":"closed","ping_status":"closed","sticky":false,"template":"","format":"standard","meta":{"ngg_post_thumbnail":0,"footnotes":""},"categories":[1],"tags":[14],"class_list":["post-208","post","type-post","status-publish","format-standard","hentry","category-uncategorized","tag-tierschutz"],"_links":{"self":[{"href":"http:\/\/gruene-kreistagsfraktion-hildesheim.de\/index.php?rest_route=\/wp\/v2\/posts\/208","targetHints":{"allow":["GET"]}}],"collection":[{"href":"http:\/\/gruene-kreistagsfraktion-hildesheim.de\/index.php?rest_route=\/wp\/v2\/posts"}],"about":[{"href":"http:\/\/gruene-kreistagsfraktion-hildesheim.de\/index.php?rest_route=\/wp\/v2\/types\/post"}],"author":[{"embeddable":true,"href":"http:\/\/gruene-kreistagsfraktion-hildesheim.de\/index.php?rest_route=\/wp\/v2\/users\/1"}],"replies":[{"embeddable":true,"href":"http:\/\/gruene-kreistagsfraktion-hildesheim.de\/index.php?rest_route=%2Fwp%2Fv2%2Fcomments&post=208"}],"version-history":[{"count":1,"href":"http:\/\/gruene-kreistagsfraktion-hildesheim.de\/index.php?rest_route=\/wp\/v2\/posts\/208\/revisions"}],"predecessor-version":[{"id":209,"href":"http:\/\/gruene-kreistagsfraktion-hildesheim.de\/index.php?rest_route=\/wp\/v2\/posts\/208\/revisions\/209"}],"wp:attachment":[{"href":"http:\/\/gruene-kreistagsfraktion-hildesheim.de\/index.php?rest_route=%2Fwp%2Fv2%2Fmedia&parent=208"}],"wp:term":[{"taxonomy":"category","embeddable":true,"href":"http:\/\/gruene-kreistagsfraktion-hildesheim.de\/index.php?rest_route=%2Fwp%2Fv2%2Fcategories&post=208"},{"taxonomy":"post_tag","embeddable":true,"href":"http:\/\/gruene-kreistagsfraktion-hildesheim.de\/index.php?rest_route=%2Fwp%2Fv2%2Ftags&post=208"}],"curies":[{"name":"wp","href":"https:\/\/api.w.org\/{rel}","templated":true}]}}