{"id":1612,"date":"2022-01-12T13:24:34","date_gmt":"2022-01-12T13:24:34","guid":{"rendered":"http:\/\/gruene-kreistagsfraktion-hildesheim.de\/?p=1612"},"modified":"2022-01-12T13:24:34","modified_gmt":"2022-01-12T13:24:34","slug":"mehrheitsgruppe-befuerwortet-grosses-investitionsprogramm-fuer-die-berufsschulen","status":"publish","type":"post","link":"http:\/\/gruene-kreistagsfraktion-hildesheim.de\/?p=1612","title":{"rendered":"Mehrheitsgruppe bef\u00fcrwortet gro\u00dfes Investitionsprogramm f\u00fcr die Berufsschulen"},"content":{"rendered":"\n<p>Mit fast 100 Millionen Euro wird der Landkreis Hildesheim die drei Standorte der Werner\u00a0 v. Siemens Berufsschule, der Hermann-Nohl Schule und Walter-Gropius Schule in den n\u00e4chsten Jahren sanieren und modernisieren. Der Fraktionsvorsitzende der Gr\u00fcnen Schr\u00f6ter-Mallohn hob hervor: \u201eDas Sanierungs- und Modernisierungsprogramm muss nicht nur dem baulichen Stand der Technik entsprechen, sondern es muss einen wesentlichen Beitrag zur energetischen Ert\u00fcchtigung beitragen und damit einen wesentlichen Beitrag f\u00fcr den Klimaschutz in den Geb\u00e4udebestand des Landkreises.\u201c<\/p>\n\n\n\n<div class=\"wp-block-file\"><a href=\"http:\/\/gruene-kreistagsfraktion-hildesheim.de\/wp-content\/uploads\/2022\/01\/2022-01-11-Aenderungsantrag-zur-Vorlage-Berufsschulen-75-XIX.pdf\">2022-01-11 \u00c4nderungsantrag zur Vorlage Berufsschulen 75 XIX<\/a><a href=\"http:\/\/gruene-kreistagsfraktion-hildesheim.de\/wp-content\/uploads\/2022\/01\/2022-01-11-Aenderungsantrag-zur-Vorlage-Berufsschulen-75-XIX.pdf\" class=\"wp-block-file__button\" download>Herunterladen<\/a><\/div>\n\n\n\n<div class=\"wp-block-file\"><a href=\"http:\/\/gruene-kreistagsfraktion-hildesheim.de\/wp-content\/uploads\/2022\/01\/2022-01-11-Mehrheitsgruppe-befuerwortet-groesstes-BBS-Invest_1.pdf\">2022-01-11 Mehrheitsgruppe bef\u00fcrwortet gr\u00f6\u00dftes BBS Invest_1<\/a><a href=\"http:\/\/gruene-kreistagsfraktion-hildesheim.de\/wp-content\/uploads\/2022\/01\/2022-01-11-Mehrheitsgruppe-befuerwortet-groesstes-BBS-Invest_1.pdf\" class=\"wp-block-file__button\" download>Herunterladen<\/a><\/div>\n","protected":false},"excerpt":{"rendered":"<p>Mit fast 100 Millionen Euro wird der Landkreis Hildesheim die drei Standorte der Werner\u00a0 v. Siemens Berufsschule, der Hermann-Nohl Schule und Walter-Gropius Schule in den n\u00e4chsten Jahren sanieren und modernisieren. Der Fraktionsvorsitzende der Gr\u00fcnen Schr\u00f6ter-Mallohn hob hervor: \u201eDas Sanierungs- und Modernisierungsprogramm muss nicht nur dem baulichen Stand der Technik entsprechen, sondern es muss einen wesentlichen Beitrag zur energetischen Ert\u00fcchtigung beitragen und damit einen wesentlichen Beitrag f\u00fcr den Klimaschutz in den Geb\u00e4udebestand des Landkreises.\u201c<\/p>\n","protected":false},"author":1,"featured_media":0,"comment_status":"closed","ping_status":"closed","sticky":false,"template":"","format":"standard","meta":{"ngg_post_thumbnail":0,"footnotes":""},"categories":[1],"tags":[],"class_list":["post-1612","post","type-post","status-publish","format-standard","hentry","category-uncategorized"],"_links":{"self":[{"href":"http:\/\/gruene-kreistagsfraktion-hildesheim.de\/index.php?rest_route=\/wp\/v2\/posts\/1612","targetHints":{"allow":["GET"]}}],"collection":[{"href":"http:\/\/gruene-kreistagsfraktion-hildesheim.de\/index.php?rest_route=\/wp\/v2\/posts"}],"about":[{"href":"http:\/\/gruene-kreistagsfraktion-hildesheim.de\/index.php?rest_route=\/wp\/v2\/types\/post"}],"author":[{"embeddable":true,"href":"http:\/\/gruene-kreistagsfraktion-hildesheim.de\/index.php?rest_route=\/wp\/v2\/users\/1"}],"replies":[{"embeddable":true,"href":"http:\/\/gruene-kreistagsfraktion-hildesheim.de\/index.php?rest_route=%2Fwp%2Fv2%2Fcomments&post=1612"}],"version-history":[{"count":1,"href":"http:\/\/gruene-kreistagsfraktion-hildesheim.de\/index.php?rest_route=\/wp\/v2\/posts\/1612\/revisions"}],"predecessor-version":[{"id":1613,"href":"http:\/\/gruene-kreistagsfraktion-hildesheim.de\/index.php?rest_route=\/wp\/v2\/posts\/1612\/revisions\/1613"}],"wp:attachment":[{"href":"http:\/\/gruene-kreistagsfraktion-hildesheim.de\/index.php?rest_route=%2Fwp%2Fv2%2Fmedia&parent=1612"}],"wp:term":[{"taxonomy":"category","embeddable":true,"href":"http:\/\/gruene-kreistagsfraktion-hildesheim.de\/index.php?rest_route=%2Fwp%2Fv2%2Fcategories&post=1612"},{"taxonomy":"post_tag","embeddable":true,"href":"http:\/\/gruene-kreistagsfraktion-hildesheim.de\/index.php?rest_route=%2Fwp%2Fv2%2Ftags&post=1612"}],"curies":[{"name":"wp","href":"https:\/\/api.w.org\/{rel}","templated":true}]}}