{"id":1597,"date":"2021-11-29T07:43:53","date_gmt":"2021-11-29T07:43:53","guid":{"rendered":"http:\/\/gruene-kreistagsfraktion-hildesheim.de\/?p=1597"},"modified":"2021-11-29T07:44:44","modified_gmt":"2021-11-29T07:44:44","slug":"wir-nehmen-abschied-von-margret-koester","status":"publish","type":"post","link":"http:\/\/gruene-kreistagsfraktion-hildesheim.de\/?p=1597","title":{"rendered":"Wir nehmen Abschied von Margret K\u00f6ster"},"content":{"rendered":"\n<figure class=\"wp-block-image size-full\"><a class=\"fancybox\" rel=\"gallery1597\" href=\"http:\/\/gruene-kreistagsfraktion-hildesheim.de\/wp-content\/uploads\/2021\/11\/Gruene_MargretKoester.jpg\"><img loading=\"lazy\" decoding=\"async\" width=\"300\" height=\"300\" src=\"http:\/\/gruene-kreistagsfraktion-hildesheim.de\/wp-content\/uploads\/2021\/11\/Gruene_MargretKoester.jpg\" alt=\"\" class=\"wp-image-1596\" srcset=\"http:\/\/gruene-kreistagsfraktion-hildesheim.de\/wp-content\/uploads\/2021\/11\/Gruene_MargretKoester.jpg 300w, http:\/\/gruene-kreistagsfraktion-hildesheim.de\/wp-content\/uploads\/2021\/11\/Gruene_MargretKoester-150x150.jpg 150w, http:\/\/gruene-kreistagsfraktion-hildesheim.de\/wp-content\/uploads\/2021\/11\/Gruene_MargretKoester-125x125.jpg 125w\" sizes=\"auto, (max-width: 300px) 100vw, 300px\" \/><\/a><\/figure>\n\n\n\n<p>Margret K\u00f6ster war \u00fcber lange Jahre ein engagiertes, zielorientiertes Mitglied unserer Partei.&nbsp; Sie f\u00fchlte sich den Idealen , unseren \u00dcberzeugungen und politischen Zielvorstellungen verpflichtet. Als Fraktionsvorsitzender von B\u00fcndnis90\/Die Gr\u00fcnen im Landkreis Hildesheim, durfte ich Margret 5 Jahre lang begleiten und habe sie sch\u00e4tzen gelernt.<\/p>\n\n\n\n<p>Sie war die erste Frau, die das bislang h\u00f6chste repr\u00e4sentative Amt, dass Gr\u00fcne im Landkreis Hildesheim &nbsp;besetzen konnten, innehatte. Als stellvertrende Landr\u00e4tin hat Margret nicht nur den Landkreis vertreten, sondern auch unserer Partei in der \u00d6ffentlichkeit ein eindeutiges Profil verliehen. Ihre Gradlinigkeit, ihr autentisches Auftreten verschafften ihr weit \u00fcber die Parteigrenzen hinweg Respekt und Anerkennung.<\/p>\n\n\n\n<p>Auch im Kreissozialausschuss, warenGerechtigkeit und Solidarit\u00e4t keine leeren Floskeln f\u00fcr Margret. In ihrem Heimatort Bad Salzdetfurth\/Wehrstedt engagierte sie sich in der Fl\u00fcchtlingshilfe. &nbsp;Zusammen mit ihrem Mann Fredy K\u00f6ster gab sie Unterricht in Deutsch als Fremdsprache. Hier wurde auch deutlich, dass sie P\u00e4dagogin mit Leib und Seele gewesen ist.&nbsp; Termine einzuhalten, sich aufeinander verlassen zu k\u00f6nnen, lebte Margret nicht nur, sondern gab ihre Sichtweise deutlich zu verstehen. Sie konnte sich \u00fcber andere \u00e4rgern, zeigte damit, dass nicht alles an ihr abglitt, litt aber auch mit, wenn anderen ein Missgeschick oder Ungl\u00fcck wiederfuhr.<\/p>\n\n\n\n<p>In vielen Sitzungen wurde deutlich, dass ihr soziale Fragen besonders wichtig waren. Dabei gelang es ihr eine unabh\u00e4ngige Position darzustellen, die die Frage der Parteizugeh\u00f6rigkeit in den Hintergrund brachte. Eine kluge Frau mit einem eigenen Kopf, die die Gleichberechtigung von Mann und Frau nicht nur forderte, sondern lebte.<\/p>\n\n\n\n<p>\u201eMit jedem Menschen stirbt eine Welt, aber kein Mensch stirbt, f\u00fcr sich. Jeder, der von uns geht, nimmt ein St\u00fcck von uns mit. Jeder, der Abschied genommen hat, hat uns ein wenig sterben gelehrt.\u201c<\/p>\n\n\n\n<p>(Gerhard Hauptmann)<\/p>\n\n\n\n<p>Margret K\u00f6ster hat uns aber auch in Abwandlung zu Hauptmanns Zitat noch etwas anderes gegeben, n\u00e4mlich dass ein erf\u00fclltes Leben \u00fcber den &nbsp;Tod hinaus den Lebenden Vorbild und Ansporn sein kann. &nbsp;&nbsp;<a><\/a>&nbsp;<\/p>\n\n\n\n<p>Der Kreisverband und die Kreistagsfraktion Hildesheim von B\u00fcndnis90\/Die Gr\u00fcnen verneigen sich vor Margret K\u00f6ster und w\u00fcnschen Fredy K\u00f6ster und allen Angeh\u00f6rigen die notwendige Kraft, den Weggang&nbsp; eines geliebten Menschen&nbsp; zu \u00fcberstehen.<\/p>\n\n\n\n<p>Holger Schr\u00f6ter-Mallohn<\/p>\n\n\n\n<p><\/p>\n\n\n\n<p><\/p>\n\n\n\n<p><\/p>\n","protected":false},"excerpt":{"rendered":"<p>Margret K\u00f6ster war \u00fcber lange Jahre ein engagiertes, zielorientiertes Mitglied unserer Partei.&nbsp; Sie f\u00fchlte sich den Idealen , unseren \u00dcberzeugungen und politischen Zielvorstellungen verpflichtet. Als Fraktionsvorsitzender von B\u00fcndnis90\/Die Gr\u00fcnen im Landkreis Hildesheim, durfte ich Margret 5 Jahre lang begleiten und habe sie sch\u00e4tzen gelernt. Sie war die erste Frau, die das bislang h\u00f6chste repr\u00e4sentative Amt, dass Gr\u00fcne im Landkreis Hildesheim &nbsp;besetzen konnten, innehatte. Als stellvertrende Landr\u00e4tin hat Margret nicht nur den Landkreis vertreten, sondern auch unserer Partei in der \u00d6ffentlichkeit ein eindeutiges Profil verliehen. Ihre Gradlinigkeit, ihr autentisches Auftreten verschafften ihr weit \u00fcber die Parteigrenzen hinweg Respekt und Anerkennung. Auch im Kreissozialausschuss, warenGerechtigkeit und Solidarit\u00e4t keine leeren Floskeln f\u00fcr Margret&#8230;.  <a href=\"http:\/\/gruene-kreistagsfraktion-hildesheim.de\/?p=1597\" title=\"Read Wir nehmen Abschied von Margret K\u00f6ster\" class=\"readmore\">Weiterlesen &raquo;<\/a><\/p>\n","protected":false},"author":1,"featured_media":0,"comment_status":"closed","ping_status":"closed","sticky":false,"template":"","format":"standard","meta":{"ngg_post_thumbnail":0,"footnotes":""},"categories":[1],"tags":[],"class_list":["post-1597","post","type-post","status-publish","format-standard","hentry","category-uncategorized"],"_links":{"self":[{"href":"http:\/\/gruene-kreistagsfraktion-hildesheim.de\/index.php?rest_route=\/wp\/v2\/posts\/1597","targetHints":{"allow":["GET"]}}],"collection":[{"href":"http:\/\/gruene-kreistagsfraktion-hildesheim.de\/index.php?rest_route=\/wp\/v2\/posts"}],"about":[{"href":"http:\/\/gruene-kreistagsfraktion-hildesheim.de\/index.php?rest_route=\/wp\/v2\/types\/post"}],"author":[{"embeddable":true,"href":"http:\/\/gruene-kreistagsfraktion-hildesheim.de\/index.php?rest_route=\/wp\/v2\/users\/1"}],"replies":[{"embeddable":true,"href":"http:\/\/gruene-kreistagsfraktion-hildesheim.de\/index.php?rest_route=%2Fwp%2Fv2%2Fcomments&post=1597"}],"version-history":[{"count":3,"href":"http:\/\/gruene-kreistagsfraktion-hildesheim.de\/index.php?rest_route=\/wp\/v2\/posts\/1597\/revisions"}],"predecessor-version":[{"id":1600,"href":"http:\/\/gruene-kreistagsfraktion-hildesheim.de\/index.php?rest_route=\/wp\/v2\/posts\/1597\/revisions\/1600"}],"wp:attachment":[{"href":"http:\/\/gruene-kreistagsfraktion-hildesheim.de\/index.php?rest_route=%2Fwp%2Fv2%2Fmedia&parent=1597"}],"wp:term":[{"taxonomy":"category","embeddable":true,"href":"http:\/\/gruene-kreistagsfraktion-hildesheim.de\/index.php?rest_route=%2Fwp%2Fv2%2Fcategories&post=1597"},{"taxonomy":"post_tag","embeddable":true,"href":"http:\/\/gruene-kreistagsfraktion-hildesheim.de\/index.php?rest_route=%2Fwp%2Fv2%2Ftags&post=1597"}],"curies":[{"name":"wp","href":"https:\/\/api.w.org\/{rel}","templated":true}]}}