{"id":1387,"date":"2020-04-23T13:59:00","date_gmt":"2020-04-23T13:59:00","guid":{"rendered":"http:\/\/gruene-kreistagsfraktion-hildesheim.de\/?p=1387"},"modified":"2020-04-28T14:05:45","modified_gmt":"2020-04-28T14:05:45","slug":"gruene-fragen-nach-finanziellen-auswirkungen-der-corona-krise","status":"publish","type":"post","link":"http:\/\/gruene-kreistagsfraktion-hildesheim.de\/?p=1387","title":{"rendered":"Gr\u00fcne fragen nach finanziellen Auswirkungen der Corona-Krise"},"content":{"rendered":"\n<p>Die notwendigen massiven Einschr\u00e4nkungen im Rahmen der Corona-Krise haben auch erhebliche Auswirkungen auf die finanzielle Situation des Landkreises. Bisher liegen hierzu keine Daten vor. Die gr\u00fcne Kreistagsfraktion h\u00e4lt jedoch ein Nachtragshaushalt f\u00fcr notwendig. Die Fraktion hat deshalb in einer Anfrage nach konkreten Zahlen f\u00fcr die einzelnen Bereiche gefragt. Hierzu muss alsbald eine Beratung im zust\u00e4ndigen Fachausschuss erfolgen.<\/p>\n\n\n\n<div class=\"wp-block-file\"><a href=\"http:\/\/gruene-kreistagsfraktion-hildesheim.de\/wp-content\/uploads\/2020\/04\/Anfrage-zu-Haushaltsauswirkungen-Corona-Krise.pdf\">Anfrage zu Haushaltsauswirkungen Corona-Krise<\/a><a href=\"http:\/\/gruene-kreistagsfraktion-hildesheim.de\/wp-content\/uploads\/2020\/04\/Anfrage-zu-Haushaltsauswirkungen-Corona-Krise.pdf\" class=\"wp-block-file__button\" download>Herunterladen<\/a><\/div>\n\n\n\n<p><\/p>\n","protected":false},"excerpt":{"rendered":"<p>Die notwendigen massiven Einschr\u00e4nkungen im Rahmen der Corona-Krise haben auch erhebliche Auswirkungen auf die finanzielle Situation des Landkreises. Bisher liegen hierzu keine Daten vor. Die gr\u00fcne Kreistagsfraktion h\u00e4lt jedoch ein Nachtragshaushalt f\u00fcr notwendig. Die Fraktion hat deshalb in einer Anfrage nach konkreten Zahlen f\u00fcr die einzelnen Bereiche gefragt. Hierzu muss alsbald eine Beratung im zust\u00e4ndigen Fachausschuss erfolgen.<\/p>\n","protected":false},"author":1,"featured_media":0,"comment_status":"closed","ping_status":"closed","sticky":false,"template":"","format":"standard","meta":{"ngg_post_thumbnail":0,"footnotes":""},"categories":[1],"tags":[],"class_list":["post-1387","post","type-post","status-publish","format-standard","hentry","category-uncategorized"],"_links":{"self":[{"href":"http:\/\/gruene-kreistagsfraktion-hildesheim.de\/index.php?rest_route=\/wp\/v2\/posts\/1387","targetHints":{"allow":["GET"]}}],"collection":[{"href":"http:\/\/gruene-kreistagsfraktion-hildesheim.de\/index.php?rest_route=\/wp\/v2\/posts"}],"about":[{"href":"http:\/\/gruene-kreistagsfraktion-hildesheim.de\/index.php?rest_route=\/wp\/v2\/types\/post"}],"author":[{"embeddable":true,"href":"http:\/\/gruene-kreistagsfraktion-hildesheim.de\/index.php?rest_route=\/wp\/v2\/users\/1"}],"replies":[{"embeddable":true,"href":"http:\/\/gruene-kreistagsfraktion-hildesheim.de\/index.php?rest_route=%2Fwp%2Fv2%2Fcomments&post=1387"}],"version-history":[{"count":1,"href":"http:\/\/gruene-kreistagsfraktion-hildesheim.de\/index.php?rest_route=\/wp\/v2\/posts\/1387\/revisions"}],"predecessor-version":[{"id":1388,"href":"http:\/\/gruene-kreistagsfraktion-hildesheim.de\/index.php?rest_route=\/wp\/v2\/posts\/1387\/revisions\/1388"}],"wp:attachment":[{"href":"http:\/\/gruene-kreistagsfraktion-hildesheim.de\/index.php?rest_route=%2Fwp%2Fv2%2Fmedia&parent=1387"}],"wp:term":[{"taxonomy":"category","embeddable":true,"href":"http:\/\/gruene-kreistagsfraktion-hildesheim.de\/index.php?rest_route=%2Fwp%2Fv2%2Fcategories&post=1387"},{"taxonomy":"post_tag","embeddable":true,"href":"http:\/\/gruene-kreistagsfraktion-hildesheim.de\/index.php?rest_route=%2Fwp%2Fv2%2Ftags&post=1387"}],"curies":[{"name":"wp","href":"https:\/\/api.w.org\/{rel}","templated":true}]}}