{"id":112,"date":"2014-06-05T08:26:20","date_gmt":"2014-06-05T08:26:20","guid":{"rendered":"http:\/\/gruene-kreistagsfraktion-hildesheim.de\/?p=112"},"modified":"2024-02-14T12:22:34","modified_gmt":"2024-02-14T12:22:34","slug":"sicherheit-der-schulbusse","status":"publish","type":"post","link":"http:\/\/gruene-kreistagsfraktion-hildesheim.de\/?p=112","title":{"rendered":"Sicherheit der Schulbusse"},"content":{"rendered":"<p>Bei der \u00dcberpr\u00fcfung von Schulbussen hat die Polizei teilweise gravierende Sicherheitsm\u00e4ngel festgestellt<\/p>\n<p>&nbsp;<\/p>\n<p>Die Gruppe SPD-Gr\u00fcne hat deshalb in einer Anfrage die Verwaltung zu einer Stellungnahme aufgefordert. Sie will zudem wissen, welche Handlungsoptionen der Landkreis hat.<\/p>\n<p>&gt;&gt; <a href=\"http:\/\/gruene-kreistagsfraktion-hildesheim.de\/wp-content\/uploads\/2014\/06\/Sicherheit-Schulbusse-HiAZ-5.6.2014.pdf\">Sicherheit Schulbusse, HiAZ, 5.6.2014<\/a><\/p>\n<p>&gt;&gt; <a href=\"http:\/\/gruene-kreistagsfraktion-hildesheim.de\/wp-content\/uploads\/2014\/06\/2014-06-03-Anfrage-Verkehrssicherheit-bei-Schulbussen-im-LK-n.pdf\">2014-06-03 Anfrage Verkehrssicherheit bei Schulbussen im LK-n<\/a><\/p>\n","protected":false},"excerpt":{"rendered":"<p>Bei der \u00dcberpr\u00fcfung von Schulbussen hat die Polizei teilweise gravierende Sicherheitsm\u00e4ngel festgestellt &nbsp; Die Gruppe SPD-Gr\u00fcne hat deshalb in einer Anfrage die Verwaltung zu einer Stellungnahme aufgefordert. Sie will zudem wissen, welche Handlungsoptionen der Landkreis hat. &gt;&gt; Sicherheit Schulbusse, HiAZ, 5.6.2014 &gt;&gt; 2014-06-03 Anfrage Verkehrssicherheit bei Schulbussen im LK-n<\/p>\n","protected":false},"author":1,"featured_media":0,"comment_status":"closed","ping_status":"closed","sticky":false,"template":"","format":"standard","meta":{"ngg_post_thumbnail":0,"footnotes":""},"categories":[3],"tags":[7],"class_list":["post-112","post","type-post","status-publish","format-standard","hentry","category-aktuelles","tag-schuelerbefoerderung"],"_links":{"self":[{"href":"http:\/\/gruene-kreistagsfraktion-hildesheim.de\/index.php?rest_route=\/wp\/v2\/posts\/112","targetHints":{"allow":["GET"]}}],"collection":[{"href":"http:\/\/gruene-kreistagsfraktion-hildesheim.de\/index.php?rest_route=\/wp\/v2\/posts"}],"about":[{"href":"http:\/\/gruene-kreistagsfraktion-hildesheim.de\/index.php?rest_route=\/wp\/v2\/types\/post"}],"author":[{"embeddable":true,"href":"http:\/\/gruene-kreistagsfraktion-hildesheim.de\/index.php?rest_route=\/wp\/v2\/users\/1"}],"replies":[{"embeddable":true,"href":"http:\/\/gruene-kreistagsfraktion-hildesheim.de\/index.php?rest_route=%2Fwp%2Fv2%2Fcomments&post=112"}],"version-history":[{"count":9,"href":"http:\/\/gruene-kreistagsfraktion-hildesheim.de\/index.php?rest_route=\/wp\/v2\/posts\/112\/revisions"}],"predecessor-version":[{"id":1804,"href":"http:\/\/gruene-kreistagsfraktion-hildesheim.de\/index.php?rest_route=\/wp\/v2\/posts\/112\/revisions\/1804"}],"wp:attachment":[{"href":"http:\/\/gruene-kreistagsfraktion-hildesheim.de\/index.php?rest_route=%2Fwp%2Fv2%2Fmedia&parent=112"}],"wp:term":[{"taxonomy":"category","embeddable":true,"href":"http:\/\/gruene-kreistagsfraktion-hildesheim.de\/index.php?rest_route=%2Fwp%2Fv2%2Fcategories&post=112"},{"taxonomy":"post_tag","embeddable":true,"href":"http:\/\/gruene-kreistagsfraktion-hildesheim.de\/index.php?rest_route=%2Fwp%2Fv2%2Ftags&post=112"}],"curies":[{"name":"wp","href":"https:\/\/api.w.org\/{rel}","templated":true}]}}